{"id":11150,"date":"2026-03-12T02:20:39","date_gmt":"2026-03-12T02:20:39","guid":{"rendered":"https:\/\/mediacanchaslp.com.mx\/2022\/?p=11150"},"modified":"2026-04-16T01:49:35","modified_gmt":"2026-04-16T01:49:35","slug":"copa-potosi-2026-vibrara-con-grandes-estrellas-como-pablo-barrera","status":"publish","type":"post","link":"https:\/\/mediacanchaslp.com.mx\/2022\/2026\/03\/12\/copa-potosi-2026-vibrara-con-grandes-estrellas-como-pablo-barrera\/","title":{"rendered":"Copa Potos\u00ed 2026 vibrar\u00e1 con grandes estrellas, como Pablo Barrera"},"content":{"rendered":"<p>* El torneo amateur contar\u00e1 con la participaci\u00f3n del futbolista mexicano y promete reunir a cientos de jugadores y aficionados en San Luis Potos\u00ed.<\/p>\n<p>Con el apoyo sin l\u00edmites del Gobernador Ricardo Gallardo Cardona y gracias al impulso del Instituto Potosino de Cultura F\u00edsica y Deporte (Inpode), la Copa Potos\u00ed 2026 se perfila como una de las ediciones m\u00e1s destacadas del torneo. La presencia del ex seleccionado nacional, Pablo Barrera, reconocido por su velocidad y habilidad como volante y extremo por la banda derecha, refleja el cambio que se vive y se siente en el deporte, acercando talento de primer nivel a las canchas locales.<\/p>\n<p>Barrera, quien inici\u00f3 su carrera profesional con Pumas UNAM y luego jug\u00f3 en Europa con West Ham United y Real Zaragoza, tambi\u00e9n defendi\u00f3 los colores de Cruz Azul, Monterrey, Atl\u00e9tico de San Luis y Quer\u00e9taro, equipo con el que concluy\u00f3 su trayectoria profesional. Su participaci\u00f3n aporta experiencia y calidad al torneo, consolidando la Copa del Mill\u00f3n como uno de los eventos de f\u00fatbol amateur m\u00e1s importantes del pa\u00eds.<\/p>\n<p>Del 30 de marzo al 4 de abril, la Copa Potos\u00ed reunir\u00e1 a cientos de futbolistas y miles de aficionados en una verdadera fiesta deportiva, reafirmando el compromiso del Gobierno del Estado por promover el deporte y generar espacios de desarrollo para j\u00f3venes y deportistas de todas las edades en San Luis Potos\u00ed.<\/p>\n","protected":false},"excerpt":{"rendered":"<p>* El torneo amateur contar\u00e1 con la participaci\u00f3n del futbolista mexicano y promete reunir a cientos de jugadores y aficionados en San Luis Potos\u00ed. Con el apoyo sin l\u00edmites del Gobernador Ricardo Gallardo Cardona y gracias al impulso del Instituto Potosino de Cultura F\u00edsica y Deporte (Inpode), la Copa Potos\u00ed 2026 se perfila como una [&hellip;]<\/p>\n","protected":false},"author":2,"featured_media":11151,"comment_status":"open","ping_status":"open","sticky":false,"template":"","format":"standard","meta":{"footnotes":""},"categories":[11],"tags":[],"class_list":["post-11150","post","type-post","status-publish","format-standard","has-post-thumbnail","hentry","category-extracancha"],"_links":{"self":[{"href":"https:\/\/mediacanchaslp.com.mx\/2022\/wp-json\/wp\/v2\/posts\/11150","targetHints":{"allow":["GET"]}}],"collection":[{"href":"https:\/\/mediacanchaslp.com.mx\/2022\/wp-json\/wp\/v2\/posts"}],"about":[{"href":"https:\/\/mediacanchaslp.com.mx\/2022\/wp-json\/wp\/v2\/types\/post"}],"author":[{"embeddable":true,"href":"https:\/\/mediacanchaslp.com.mx\/2022\/wp-json\/wp\/v2\/users\/2"}],"replies":[{"embeddable":true,"href":"https:\/\/mediacanchaslp.com.mx\/2022\/wp-json\/wp\/v2\/comments?post=11150"}],"version-history":[{"count":2,"href":"https:\/\/mediacanchaslp.com.mx\/2022\/wp-json\/wp\/v2\/posts\/11150\/revisions"}],"predecessor-version":[{"id":11153,"href":"https:\/\/mediacanchaslp.com.mx\/2022\/wp-json\/wp\/v2\/posts\/11150\/revisions\/11153"}],"wp:featuredmedia":[{"embeddable":true,"href":"https:\/\/mediacanchaslp.com.mx\/2022\/wp-json\/wp\/v2\/media\/11151"}],"wp:attachment":[{"href":"https:\/\/mediacanchaslp.com.mx\/2022\/wp-json\/wp\/v2\/media?parent=11150"}],"wp:term":[{"taxonomy":"category","embeddable":true,"href":"https:\/\/mediacanchaslp.com.mx\/2022\/wp-json\/wp\/v2\/categories?post=11150"},{"taxonomy":"post_tag","embeddable":true,"href":"https:\/\/mediacanchaslp.com.mx\/2022\/wp-json\/wp\/v2\/tags?post=11150"}],"curies":[{"name":"wp","href":"https:\/\/api.w.org\/{rel}","templated":true}]}}