{"id":11123,"date":"2026-03-04T23:56:53","date_gmt":"2026-03-04T23:56:53","guid":{"rendered":"https:\/\/mediacanchaslp.com.mx\/2022\/?p=11123"},"modified":"2026-04-16T01:18:48","modified_gmt":"2026-04-16T01:18:48","slug":"gobierno-estatal-impulsa-el-primer-foto-de-mujeres-en-la-literatura","status":"publish","type":"post","link":"https:\/\/mediacanchaslp.com.mx\/2022\/2026\/03\/04\/gobierno-estatal-impulsa-el-primer-foto-de-mujeres-en-la-literatura\/","title":{"rendered":"Gobierno Estatal impulsa el Primer Foro de Mujeres en la Literatura"},"content":{"rendered":"<p><img loading=\"lazy\" decoding=\"async\" class=\"aligncenter wp-image-11124 size-full\" src=\"https:\/\/mediacanchaslp.com.mx\/2022\/wp-content\/uploads\/2026\/03\/WhatsApp-Image-2026-03-04-at-9.21.47-AM-1.jpeg\" alt=\"\" width=\"1280\" height=\"1600\" srcset=\"https:\/\/mediacanchaslp.com.mx\/2022\/wp-content\/uploads\/2026\/03\/WhatsApp-Image-2026-03-04-at-9.21.47-AM-1.jpeg 1280w, https:\/\/mediacanchaslp.com.mx\/2022\/wp-content\/uploads\/2026\/03\/WhatsApp-Image-2026-03-04-at-9.21.47-AM-1-240x300.jpeg 240w, https:\/\/mediacanchaslp.com.mx\/2022\/wp-content\/uploads\/2026\/03\/WhatsApp-Image-2026-03-04-at-9.21.47-AM-1-819x1024.jpeg 819w, https:\/\/mediacanchaslp.com.mx\/2022\/wp-content\/uploads\/2026\/03\/WhatsApp-Image-2026-03-04-at-9.21.47-AM-1-768x960.jpeg 768w, https:\/\/mediacanchaslp.com.mx\/2022\/wp-content\/uploads\/2026\/03\/WhatsApp-Image-2026-03-04-at-9.21.47-AM-1-1229x1536.jpeg 1229w\" sizes=\"auto, (max-width: 1280px) 100vw, 1280px\" \/><\/p>\n<p>&nbsp;<\/p>\n<p>\u2022 El 5 y 6 de marzo, escritoras de San Luis Potos\u00ed y del pa\u00eds dialogar\u00e1n sobre creaci\u00f3n, publicaci\u00f3n y desaf\u00edos en el \u00e1mbito literario.<\/p>\n<p>Con el respaldo del Gobernador Ricardo Gallardo Cardona y en el marco del D\u00eda Internacional de la Mujer, el Gobierno del Estado, a trav\u00e9s del Centro de las Artes de San Luis Potos\u00ed (CEART), en colaboraci\u00f3n con Editorial Letra P\u00farpura, presentar\u00e1 el Primer Foro de Mujeres en la Literatura: \u201cRetos, resistencias y territorios de la publicaci\u00f3n\u201d. Esta iniciativa forma parte del cambio que se vive y se siente en San Luis Potos\u00ed, impulsando una agenda cultural sin l\u00edmites que da voz y visibiliza el talento femenino en los \u00e1mbitos art\u00edsticos.<\/p>\n<p>Las actividades se desarrollar\u00e1n en la Teleaula del CEART con entrada libre y abiertas a todo p\u00fablico. El jueves 5 de marzo a las 17:00 horas iniciar\u00e1 la Mesa 1 \u201cEscritura y territorio\u201d, donde se reflexionar\u00e1 sobre c\u00f3mo el contexto y la identidad influyen en la creaci\u00f3n literaria. Posteriormente, a las 18:00 horas, la Mesa 2 abordar\u00e1 las desigualdades y violencias en la publicaci\u00f3n, analizando las brechas estructurales que enfrentan las mujeres en el \u00e1mbito editorial.<\/p>\n<p>El viernes 6 de marzo las jornadas continuar\u00e1n a las 16:30 horas con la Mesa 3 \u201cCuerpo, memoria y voz\u201d, centrada en la experiencia personal como fuente de escritura. A las 17:30 horas se desarrollar\u00e1 el di\u00e1logo \u201cEscribir para resistir\u201d, enfocado en pr\u00e1cticas literarias incluyentes y accesibles, y a las 18:30 horas concluir\u00e1 con la mesa \u201cRedes y colectividad\u201d, que promover\u00e1 la colaboraci\u00f3n, el ejercicio de derechos culturales y la descentralizaci\u00f3n de los espacios de publicaci\u00f3n, con el objetivo de generar espacios de encuentro, an\u00e1lisis y reflexi\u00f3n cr\u00edtica en torno a la literatura escrita por mujeres.<\/p>\n","protected":false},"excerpt":{"rendered":"<p>&nbsp; \u2022 El 5 y 6 de marzo, escritoras de San Luis Potos\u00ed y del pa\u00eds dialogar\u00e1n sobre creaci\u00f3n, publicaci\u00f3n y desaf\u00edos en el \u00e1mbito literario. Con el respaldo del Gobernador Ricardo Gallardo Cardona y en el marco del D\u00eda Internacional de la Mujer, el Gobierno del Estado, a trav\u00e9s del Centro de las Artes [&hellip;]<\/p>\n","protected":false},"author":2,"featured_media":11125,"comment_status":"open","ping_status":"open","sticky":false,"template":"","format":"standard","meta":{"footnotes":""},"categories":[11],"tags":[],"class_list":["post-11123","post","type-post","status-publish","format-standard","has-post-thumbnail","hentry","category-extracancha"],"_links":{"self":[{"href":"https:\/\/mediacanchaslp.com.mx\/2022\/wp-json\/wp\/v2\/posts\/11123","targetHints":{"allow":["GET"]}}],"collection":[{"href":"https:\/\/mediacanchaslp.com.mx\/2022\/wp-json\/wp\/v2\/posts"}],"about":[{"href":"https:\/\/mediacanchaslp.com.mx\/2022\/wp-json\/wp\/v2\/types\/post"}],"author":[{"embeddable":true,"href":"https:\/\/mediacanchaslp.com.mx\/2022\/wp-json\/wp\/v2\/users\/2"}],"replies":[{"embeddable":true,"href":"https:\/\/mediacanchaslp.com.mx\/2022\/wp-json\/wp\/v2\/comments?post=11123"}],"version-history":[{"count":2,"href":"https:\/\/mediacanchaslp.com.mx\/2022\/wp-json\/wp\/v2\/posts\/11123\/revisions"}],"predecessor-version":[{"id":11258,"href":"https:\/\/mediacanchaslp.com.mx\/2022\/wp-json\/wp\/v2\/posts\/11123\/revisions\/11258"}],"wp:featuredmedia":[{"embeddable":true,"href":"https:\/\/mediacanchaslp.com.mx\/2022\/wp-json\/wp\/v2\/media\/11125"}],"wp:attachment":[{"href":"https:\/\/mediacanchaslp.com.mx\/2022\/wp-json\/wp\/v2\/media?parent=11123"}],"wp:term":[{"taxonomy":"category","embeddable":true,"href":"https:\/\/mediacanchaslp.com.mx\/2022\/wp-json\/wp\/v2\/categories?post=11123"},{"taxonomy":"post_tag","embeddable":true,"href":"https:\/\/mediacanchaslp.com.mx\/2022\/wp-json\/wp\/v2\/tags?post=11123"}],"curies":[{"name":"wp","href":"https:\/\/api.w.org\/{rel}","templated":true}]}}